[{"@context":"https:\/\/schema.org\/","@type":"Article","@id":"https:\/\/www.getto.cz\/technika-i-pro-deti\/#Article","mainEntityOfPage":"https:\/\/www.getto.cz\/technika-i-pro-deti\/","headline":"Technika i pro d\u011bti","name":"Technika i pro d\u011bti","description":"A taky by v\u00e1s zaj\u00edmalo, kolik m\u00e1te doma techniky? A\u00a0bav\u00ed v\u00e1s technika? J\u00e1 v\u00e1m \u0159eknu, \u017ee j\u00e1 m\u00e1m doma \u0161estilet\u00e9ho syna, kter\u00fd m\u00e1 r\u00e1d opravdu <a href=\"https:\/\/www.getto.cz\/technika-i-pro-deti\/\"> Read more&#8230;<\/a>","datePublished":"2024-07-31","dateModified":"2024-07-31","author":{"@type":"Person","@id":"https:\/\/www.getto.cz\/author\/#Person","name":"","url":"https:\/\/www.getto.cz\/author\/","identifier":1,"image":{"@type":"ImageObject","@id":"https:\/\/secure.gravatar.com\/avatar\/eaa8d03c255e1a749937a03afe319562d500ac9ddac78a88a8e436c8d21c5e47?s=96&d=mm&r=g","url":"https:\/\/secure.gravatar.com\/avatar\/eaa8d03c255e1a749937a03afe319562d500ac9ddac78a88a8e436c8d21c5e47?s=96&d=mm&r=g","height":96,"width":96}},"publisher":{"@type":"Organization","name":"getto.cz","logo":{"@type":"ImageObject","@id":"\/logo.png","url":"\/logo.png","width":600,"height":60}},"image":{"@type":"ImageObject","@id":"https:\/\/www.getto.cz\/wp-content\/uploads\/laptops-593296_1280_5.jpg","url":"https:\/\/www.getto.cz\/wp-content\/uploads\/laptops-593296_1280_5.jpg","height":0,"width":0},"url":"https:\/\/www.getto.cz\/technika-i-pro-deti\/","about":["Technika"],"wordCount":411,"articleBody":"A taky by v\u00e1s zaj\u00edmalo, kolik m\u00e1te doma techniky? A\u00a0bav\u00ed v\u00e1s technika? J\u00e1 v\u00e1m \u0159eknu, \u017ee j\u00e1 m\u00e1m doma \u0161estilet\u00e9ho syna, kter\u00fd m\u00e1 r\u00e1d opravdu techniku, on technikou vlastn\u00ed p\u0159\u00edmo \u017eije. \u0158ekla jsem si, \u017ee kdybych t\u0159eba nem\u011bla syna a m\u011bla bych dceru, tak to m\u011b opravdu velice zaj\u00edmalo, jestli by i dceru zaj\u00edmala technika. Samoz\u0159ejm\u011b, \u017ee jsou i \u017eeny a nebo d\u00edvky a mal\u00e9 hol\u010di\u010dky, kter\u00e9 tak\u00e9 zaj\u00edm\u00e1 technika. M\u011b\u00a0tak\u00e9 technika docela zaj\u00edm\u00e1, proto\u017ee jsem m\u011bla r\u00e1da takov\u00e9 elektronick\u00e9 a dal\u0161\u00ed technick\u00e9 hra\u010dky, kter\u00e9 vyd\u00e1valy n\u011bjak\u00e9 zvuky a nebo podobn\u011b. M\u011bla jsem tak\u00e9 mrkac\u00ed panenku a chod\u00edc\u00ed panenku. A tak\u00e9 nikdy nezapomenu na to, jak jsem ke sv\u00fdm des\u00e1t\u00fdm narozenin\u00e1m dostala takovou kr\u00e1snou panenku, kter\u00e1 dr\u017eela v ruce mikrofon a ona vlastn\u011b zp\u00edv\u00e1. Zp\u00edvala, kdy\u017e se j\u00ed\u00a0oto\u010dil mikrofon, bylo to docela zaj\u00edmav\u00e9 a m\u011b tohle moc bavilo.Proto jsem si \u0159ekla, \u017ee je nejlep\u0161\u00ed, kdy\u017e\u00a0vlastn\u011b \u010dlov\u011bk taky bude zn\u00e1t, jak funguje technika a nebo kdy\u017e zjist\u00ed, jak\u00e9 technick\u00e9 hra\u010dky jsou a nebo jak\u00e9 dal\u0161\u00ed vymo\u017eenosti\u00a0techniky jsou. Syna tak\u00e9 moc bav\u00ed, kdy\u017e si\u00a0tam n\u011bkde\u00a0m\u016f\u017ee n\u011bco vyr\u00e1b\u011bt a nebo \u017ee tak\u00e9 m\u016f\u017ee\u00a0n\u011bco rozb\u00edjet. Moje kamar\u00e1dka\u00a0pr\u00e1v\u011b t\u0159eba voz\u00ed star\u00e9 rozbit\u00e9 spot\u0159ebi\u010de, jako je nap\u0159\u00edklad mikrovlnn\u00e1 trouba nebo rychlovarn\u00e9 konvice a podobn\u011b.A m\u016fj syn si s t\u00edm vyhraje. M\u016fj syn to m\u00e1 r\u00e1d, kdy\u017e to m\u016f\u017ee rozb\u00edjet a nebo t\u0159eba se vezme \u0161roubov\u00e1k a n\u011bjak\u00e9 \u0161roubky, \u017ee si\u00a0od\u0161roubuje techniku a podobn\u011b. Proto\u017ee ho to bav\u00ed a j\u00e1 si mysl\u00edm, \u017ee je to prima, proto\u017ee kdy\u017e tohle d\u00edt\u011b\u00a0bav\u00ed, tak vlastn\u011b to prima, proto\u017ee alespo\u0148 v\u016fbec nesed\u00ed u po\u010d\u00edta\u010de nebo u mobiln\u00edho telefonu a je lep\u0161\u00ed, kdy\u017e vlastn\u011b d\u00edt\u011b si bude hr\u00e1t s technikou a bude\u00a0rozeb\u00edrat v\u011bci, kter\u00e9 vlastn\u011b m\u016f\u017ee. Podle m\u00e9ho n\u00e1zoru je tahle z\u00e1bava pro d\u011bti a je to tak\u00e9 takov\u00e9 vzd\u011bl\u00e1vac\u00ed. Alespo\u0148 tohle je m\u016fj n\u00e1zor. Samoz\u0159ejm\u011b, \u017ee ne ka\u017ed\u00fd rodi\u010d by tohle nedovolil. J\u00e1 tohle dovol\u00edm.\u00a0                                                                                                                                                                                                                                                                                                                                                                                        3.7\/5 - (3 votes)        "},{"@context":"https:\/\/schema.org\/","@type":"BreadcrumbList","itemListElement":[{"@type":"ListItem","position":1,"name":"Technika i pro d\u011bti","item":"https:\/\/www.getto.cz\/technika-i-pro-deti\/#breadcrumbitem"}]}]