[{"@context":"https:\/\/schema.org\/","@type":"Article","@id":"https:\/\/www.getto.cz\/pro-blizke-ale-i-kolegy-z-prace\/#Article","mainEntityOfPage":"https:\/\/www.getto.cz\/pro-blizke-ale-i-kolegy-z-prace\/","headline":"Pro bl\u00edzk\u00e9 ale i kolegy z pr\u00e1ce","name":"Pro bl\u00edzk\u00e9 ale i kolegy z pr\u00e1ce","description":"Chcete ud\u011blat n\u011bkomu ve va\u0161\u00ed bl\u00edzkosti radost, a to n\u011b\u010d\u00edm origin\u00e1ln\u00edm? Nebav\u00ed v\u00e1s po\u0159\u00e1d nakupovat to sam\u00e9 a \u010dekat od obdarovan\u00fdch po\u0159\u00e1d tu stejnou reakci? <a href=\"https:\/\/www.getto.cz\/pro-blizke-ale-i-kolegy-z-prace\/\"> Read more&#8230;<\/a>","datePublished":"2023-06-07","dateModified":"2024-06-09","author":{"@type":"Person","@id":"https:\/\/www.getto.cz\/author\/#Person","name":"","url":"https:\/\/www.getto.cz\/author\/","identifier":1,"image":{"@type":"ImageObject","@id":"https:\/\/secure.gravatar.com\/avatar\/eaa8d03c255e1a749937a03afe319562d500ac9ddac78a88a8e436c8d21c5e47?s=96&d=mm&r=g","url":"https:\/\/secure.gravatar.com\/avatar\/eaa8d03c255e1a749937a03afe319562d500ac9ddac78a88a8e436c8d21c5e47?s=96&d=mm&r=g","height":96,"width":96}},"publisher":{"@type":"Organization","name":"getto.cz","logo":{"@type":"ImageObject","@id":"\/logo.png","url":"\/logo.png","width":600,"height":60}},"url":"https:\/\/www.getto.cz\/pro-blizke-ale-i-kolegy-z-prace\/","wordCount":252,"articleBody":"Chcete ud\u011blat n\u011bkomu ve va\u0161\u00ed bl\u00edzkosti radost, a to n\u011b\u010d\u00edm origin\u00e1ln\u00edm? Nebav\u00ed v\u00e1s po\u0159\u00e1d nakupovat to sam\u00e9 a \u010dekat od obdarovan\u00fdch po\u0159\u00e1d tu stejnou reakci? Jestli\u017ee ano, pak byste se m\u011bli pod\u00edvat na origin\u00e1ln\u00ed d\u00e1rky, kter\u00e9 ud\u011blaj\u00ed radost nejenom oslavenci. Tato p\u0159\u00edle\u017eitost se zal\u00edb\u00ed v\u0161em t\u011bm, kte\u0159\u00ed nev\u011bd\u00ed, co d\u00e1t sv\u00fdm bl\u00edzk\u00fdm. Nejenom pro ty ale je tato p\u0159\u00edle\u017eitost ur\u010dena. Pr\u00e1v\u011b d\u00edky velk\u00e9mu p\u0159ekvapen\u00ed se vyplat\u00ed takov\u00e9 \u201evychyt\u00e1vky\u201c po\u0159\u00eddit i lidem, kte\u0159\u00ed by to od v\u00e1s ne\u010dekali, jako bude kolega z pr\u00e1ce, \u010di t\u0159eba rodi\u010d, nebo sourozenec.Vybo\u010dte ze stereotyp\u016fD\u00e1vat lidem k narozenin\u00e1m nebo V\u00e1noc\u016fm po\u0159\u00e1d to sam\u00e9, jako nap\u0159\u00edklad v\u00edno a podobn\u011b, je sice dobr\u00e9, ale v\u011bt\u0161\u00ed radost a p\u0159ekvapen\u00ed zajist\u00edte n\u011b\u010d\u00edm ne\u010dekan\u00fdm. Jen se pod\u00edvejte na to, co v\u0161e m\u016f\u017eete naj\u00edt v nab\u00eddce z\u00e1bavn\u00fdch p\u0159edm\u011bt\u016f ur\u010den\u00fdch k narozenin\u00e1m a podobn\u011b. Budete p\u0159ekvapeni, co v\u0161e lze vymyslet pro sv\u00e9 bl\u00edzk\u00e9. Sta\u010d\u00ed koupit jeden p\u0159edm\u011bt a t\u00edm pot\u011b\u0161it n\u011bkoho bl\u00edzk\u00e9ho, ne\u017e slo\u017eit\u011b vym\u00fd\u0161let, jak\u00fd typ v\u00edna koup\u00edte tento rok. Vybo\u010d\u00edte ze stereotypu a ud\u011bl\u00e1te p\u0159\u00edjemnou radost.                                                                                                                                                                                                                                                                                                                                                                                        4.1\/5 - (16 votes)        "},{"@context":"https:\/\/schema.org\/","@type":"BreadcrumbList","itemListElement":[{"@type":"ListItem","position":1,"name":"Pro bl\u00edzk\u00e9 ale i kolegy z pr\u00e1ce","item":"https:\/\/www.getto.cz\/pro-blizke-ale-i-kolegy-z-prace\/#breadcrumbitem"}]}]