[{"@context":"https:\/\/schema.org\/","@type":"Article","@id":"https:\/\/www.getto.cz\/material-umoznujici-i-neco-vic\/#Article","mainEntityOfPage":"https:\/\/www.getto.cz\/material-umoznujici-i-neco-vic\/","headline":"Materi\u00e1l, umo\u017e\u0148uj\u00edc\u00ed i n\u011bco v\u00edc","name":"Materi\u00e1l, umo\u017e\u0148uj\u00edc\u00ed i n\u011bco v\u00edc","description":"Kovov\u00e9 slitiny, pou\u017e\u00edvan\u00e9 na tyto garn\u00fd\u017ee maj\u00ed obrovskou v\u00fdhodu nejen ve snadn\u00e9 opracovatelnosti do nejr\u016fzn\u011bj\u0161\u00edch tvar\u016f, pevnosti, mo\u017enosti vy\u0159\u00edznout do koncovek z\u00e1vity a tak je <a href=\"https:\/\/www.getto.cz\/material-umoznujici-i-neco-vic\/\"> Read more&#8230;<\/a>","datePublished":"2025-02-13","dateModified":"2025-02-13","author":{"@type":"Person","@id":"https:\/\/www.getto.cz\/author\/#Person","name":"","url":"https:\/\/www.getto.cz\/author\/","identifier":1,"image":{"@type":"ImageObject","@id":"https:\/\/secure.gravatar.com\/avatar\/eaa8d03c255e1a749937a03afe319562d500ac9ddac78a88a8e436c8d21c5e47?s=96&d=mm&r=g","url":"https:\/\/secure.gravatar.com\/avatar\/eaa8d03c255e1a749937a03afe319562d500ac9ddac78a88a8e436c8d21c5e47?s=96&d=mm&r=g","height":96,"width":96}},"publisher":{"@type":"Organization","name":"getto.cz","logo":{"@type":"ImageObject","@id":"\/logo.png","url":"\/logo.png","width":600,"height":60}},"url":"https:\/\/www.getto.cz\/material-umoznujici-i-neco-vic\/","wordCount":191,"articleBody":"Kovov\u00e9 slitiny, pou\u017e\u00edvan\u00e9 na tyto garn\u00fd\u017ee maj\u00ed obrovskou v\u00fdhodu nejen ve snadn\u00e9 opracovatelnosti do nejr\u016fzn\u011bj\u0161\u00edch tvar\u016f, pevnosti, mo\u017enosti vy\u0159\u00edznout do koncovek z\u00e1vity a tak je l\u00e9pe chr\u00e1nit p\u0159ed uvoln\u011bn\u00edm, ale zejm\u00e9na ve velk\u00e9m mno\u017estv\u00ed dostupn\u00fdch povrchov\u00fdch \u00faprav. Od zlata po rez Ano, tak by se s nads\u00e1zkou dalo mluvit o mo\u017enostech povrchov\u00fdch \u00faprav kovov\u00fdch ty\u010d\u00ed a nosn\u00fdch prvk\u016f z\u00e1clon a z\u00e1v\u011bs\u016f. Samoz\u0159ejm\u011b, \u017ee rez se b\u011b\u017en\u011b nenab\u00edz\u00ed, ale jinak si m\u016f\u017eete p\u0159\u00e1t skoro cokoliv. Neju\u017e\u00edvan\u011bj\u0161\u00ed barvy povrchu jsou r\u016fzn\u00e9 nerezy, matn\u00e9 i le\u0161t\u011bn\u00e9, mosaz, bronzy v r\u016fzn\u00fdch odst\u00ednech. Pr\u00e1v\u011b tak ale mohou b\u00fdt lakov\u00e1ny. Zapadaj\u00ed tak podle proveden\u00ed nejen do stylov\u00fdch retro interi\u00e9r\u016f, ale i do nemodern\u011bj\u0161\u00edch koncepc\u00ed funkcionalistick\u00fdch \u010di minimalistick\u00fdch. Tento materi\u00e1l se nepou\u017e\u00edv\u00e1 jen na klasick\u00e9 ty\u010de kruhov\u00e9ho pr\u016fm\u011bru nejr\u016fzn\u011bj\u0161\u00edch velikost\u00ed, ale i pro v\u00fdrobu ty\u010d\u00ed hranat\u00fdch.                                                                                                                                                                                                                                                                                                                                                                                        4\/5 - (1 vote)        "},{"@context":"https:\/\/schema.org\/","@type":"BreadcrumbList","itemListElement":[{"@type":"ListItem","position":1,"name":"Materi\u00e1l, umo\u017e\u0148uj\u00edc\u00ed i n\u011bco v\u00edc","item":"https:\/\/www.getto.cz\/material-umoznujici-i-neco-vic\/#breadcrumbitem"}]}]