[{"@context":"https:\/\/schema.org\/","@type":"Article","@id":"https:\/\/www.getto.cz\/doma-nebo-u-more\/#Article","mainEntityOfPage":"https:\/\/www.getto.cz\/doma-nebo-u-more\/","headline":"Doma nebo u mo\u0159e?","name":"Doma nebo u mo\u0159e?","description":"\u0158e\u0161\u00edte dilema letn\u00ed dovolen\u00e9? Minul\u00fd rok jste str\u00e1vili na chat\u011b v bl\u00edzkosti na\u0161ich hor, ale letos byste cht\u011bli pro\u017e\u00edt n\u011bco zcela jin\u00e9ho? Kdy\u017e se \u0159ekne <a href=\"https:\/\/www.getto.cz\/doma-nebo-u-more\/\"> Read more&#8230;<\/a>","datePublished":"2024-04-21","dateModified":"2024-04-21","author":{"@type":"Person","@id":"https:\/\/www.getto.cz\/author\/#Person","name":"","url":"https:\/\/www.getto.cz\/author\/","identifier":1,"image":{"@type":"ImageObject","@id":"https:\/\/secure.gravatar.com\/avatar\/eaa8d03c255e1a749937a03afe319562d500ac9ddac78a88a8e436c8d21c5e47?s=96&d=mm&r=g","url":"https:\/\/secure.gravatar.com\/avatar\/eaa8d03c255e1a749937a03afe319562d500ac9ddac78a88a8e436c8d21c5e47?s=96&d=mm&r=g","height":96,"width":96}},"publisher":{"@type":"Organization","name":"getto.cz","logo":{"@type":"ImageObject","@id":"\/logo.png","url":"\/logo.png","width":600,"height":60}},"url":"https:\/\/www.getto.cz\/doma-nebo-u-more\/","wordCount":242,"articleBody":"\u0158e\u0161\u00edte dilema letn\u00ed dovolen\u00e9? Minul\u00fd rok jste str\u00e1vili na chat\u011b v bl\u00edzkosti na\u0161ich hor, ale letos byste cht\u011bli pro\u017e\u00edt n\u011bco zcela jin\u00e9ho? Kdy\u017e se \u0159ekne letn\u00ed dovolen\u00e1, ka\u017ed\u00fd si hned p\u0159edstav\u00ed mo\u0159e. Co byste \u0159ekli na ubytov\u00e1n\u00ed Chorvatsko? Pestr\u00fd v\u00fdb\u011br apartm\u00e1n\u016f pro rodiny s d\u011btmi i jednotlivce a na svoje si p\u0159ijdou i milovn\u00edci luxusn\u00edho prost\u0159ed\u00ed. Nemus\u00ed chyb\u011bt WiFi, baz\u00e9n ani terasa, kter\u00e1 v\u00e1m dop\u0159eje p\u0159\u00edjemn\u00e9 posezen\u00ed s v\u00fdhledem na n\u00e1dhernou krajinu t\u00e9to zem\u011b, \u010di p\u0159\u00edmo na modr\u00e9 mo\u0159e. Nem\u00e1te r\u00e1di restaura\u010dn\u00ed stravov\u00e1n\u00ed? K dispozici budete m\u00edt kuchy\u0148, ve kter\u00e9 se budete c\u00edtit, jako doma.Napl\u00e1nujte si dovolenou podle sebeUbytov\u00e1n\u00ed Chorvatsko v\u00e1m nab\u00edz\u00ed mo\u017enost b\u00fdt sami sob\u011b p\u00e1nem a ud\u011blat si na cel\u00fd den vlastn\u00ed program. Na m\u00edsto, kde chcete tr\u00e1vit dovolenou, se doprav\u00edte vlastn\u00edm vozidlem, napl\u00e1nujete si, co budete v dal\u0161\u00edch dnech cht\u00edt d\u011blat, a jak\u00e9 m\u00edsta pozn\u00e1vat a dovolen\u00e1 za\u010d\u00edn\u00e1. Ve\u010der si sednete na terasu, \u010di do ob\u00fdvac\u00edho pokoje nebo \u00fanavou usnete v \u00fatuln\u00e9 lo\u017enici. D\u016fle\u017eit\u00e9 je c\u00edtit se, jako doma a odn\u00e9st si spoustu p\u0159\u00edjemn\u00fdch a zaj\u00edmav\u00fdch z\u00e1\u017eitk\u016f.                                                                                                                                                                                                                                                                                                                                                                                        4.5\/5 - (15 votes)        "},{"@context":"https:\/\/schema.org\/","@type":"BreadcrumbList","itemListElement":[{"@type":"ListItem","position":1,"name":"Doma nebo u mo\u0159e?","item":"https:\/\/www.getto.cz\/doma-nebo-u-more\/#breadcrumbitem"}]}]